{"id":237,"date":"2022-03-09T16:23:42","date_gmt":"2022-03-09T16:23:42","guid":{"rendered":"https:\/\/mueblebellezajb.com\/blog\/?p=237"},"modified":"2022-04-07T18:40:36","modified_gmt":"2022-04-07T18:40:36","slug":"como-abrir-un-salon-de-belleza","status":"publish","type":"post","link":"https:\/\/mueblebellezajb.com\/blog\/como-abrir-un-salon-de-belleza\/","title":{"rendered":"\u00bfC\u00f3mo abrir un sal\u00f3n de belleza?"},"content":{"rendered":"<p>Abrir un sal\u00f3n de belleza propio implica mucha planificaci\u00f3n detr\u00e1s, por lo cual puede ser un proceso largo y confuso con muchas cosas para conseguirlo. Por eso en este art\u00edculo vamos a ayudarle a abrir un sal\u00f3n en su casa o comenzar este proyecto que tantas veces ha pospuesto por desconocer los elementos esenciales.<\/p>\n<p><!--more--><\/p>\n<p>Dentro de los cursos de emprendimiento, hay una lecci\u00f3n que invita a comenzar de poco en poco, pues a veces se tiene la idea que para comenzar debe estar todo perfecto, esto solo retrasa la apertura de su sal\u00f3n de belleza. En realidad, lo \u00fanico que se necesita es un <a href=\"https:\/\/mueblebellezajb.com\/sillon-barbero\"><strong>sill\u00f3n barbero<\/strong><\/a> para comenzar. Ac\u00e1 le contamos c\u00f3mo arrancar con lo b\u00e1sico.<\/p>\n<h2>\u00bfC\u00f3mo comenzar un sal\u00f3n de belleza en casa?<\/h2>\n<p>En primer lugar, deber\u00e1s concretar qu\u00e9 tipo de sal\u00f3n vas a abrir, para esto necesita saber cu\u00e1les son los servicios que ofrecer\u00e1. \u00bfSer\u00e1 un sal\u00f3n solo para cortes de pelo o va a ofrecer otros servicios como u\u00f1as y tratamientos faciales? Quiz\u00e1s sea obvio para usted, pero siempre es bueno considerar todas las opciones antes de comenzar, pues si cambia de idea durante el proceso, probablemente deba comenzar desde el principio, por lo tanto, el primer paso es determinar los servicios.<\/p>\n<p>En el caso que est\u00e9 pensando comenzar su sal\u00f3n sin empleados, entonces no tendr\u00e1 que estimar los gastos brutos de n\u00f3mina, no obstante, s\u00ed ser\u00e1 necesario que haga un estimado de los gastos fijos que tendr\u00e1, por ejemplo: los productos que utilizar\u00e1 para los tratamientos, adem\u00e1s de la inversi\u00f3n que requerir\u00e1 para el <a href=\"https:\/\/mueblebellezajb.com\/sillon-barbero\"><strong>sill\u00f3n barbero<\/strong><\/a>. La estimaci\u00f3n de los gastos sirve para calcular el precio del servicio.<\/p>\n<p>Tambi\u00e9n puede pensar en si tiene la capacidad para alquilar un local, de no ser posible por el momento, siempre puede optar por comenzar en casa. De este modo podr\u00e1 crear fidelidad con sus clientes.<\/p>\n<h2>Determinar los esenciales del sal\u00f3n<\/h2>\n<p>El secreto de poner en marcha un negocio es comenzar con lo m\u00e1s esencial y en cuanto sea posible, ir incrementando la mobiliaria o incluso mudar su local a uno m\u00e1s grande. Por ello, luego de establecer los servicios y el lugar donde atender\u00e1 a su clientela, solo queda conseguir los muebles indispensables para brindar el servicio.<\/p>\n<p>Nosotros consideramos que estos son los esenciales que le ayudar\u00e1n a arrancar su sal\u00f3n de belleza:<\/p>\n<h3><a href=\"https:\/\/mueblebellezajb.com\/sillon-barbero\">Sill\u00f3n barbero<\/a><\/h3>\n<p>Si bien para efectos pr\u00e1cticos puede empezar con las sillas de su casa, siempre ser\u00e1 mejor comenzar con un sill\u00f3n especial para peluquer\u00eda, esto se debe a que a le ser\u00e1 m\u00e1s f\u00e1cil cortar el cabello y la aplicaci\u00f3n de tratamientos. Las sillas de peluquer\u00eda est\u00e1n manufacturadas con el mecanismo que facilita su tarea en la peluquer\u00eda, por ejemplo, al sill\u00f3n barbero le puede cambiar la altura que mejor se adapte a usted y agilice su labor.<\/p>\n<p>Asimismo, ser\u00e1 m\u00e1s c\u00f3modo para sus clientes un asiento que sea espec\u00edfico para la peluquer\u00eda. Para elegir la mejor opci\u00f3n, tendr\u00e1 que identificar el que se adapte a la personalidad de su sal\u00f3n, que tenga un buen soporte lumbar, pero, sobre todo, que le permita moverse con destreza durante el corte de pelo.<\/p>\n<h3>Espejo<\/h3>\n<p>Siempre es \u00fatil para sus clientes que puedan ver c\u00f3mo est\u00e1 quedando el corte. Por ello, consideramos que es esencial para la labor del peluquero.<\/p>\n<h3><a href=\"https:\/\/mueblebellezajb.com\/lavacabezas\">Lavacabezas<\/a><\/h3>\n<p>Es necesario que tenga una estaci\u00f3n para lavar la cabeza de sus clientes. Es un servicio esencial de todas las peluquer\u00edas, pues ayudan a que se relajen y el cabello mojado facilita el corte, y en algunos tratamientos para el cabello es fundamental el lavado de cabello.<\/p>\n<h3>Espec\u00edficos de los servicios<\/h3>\n<p>Hay servicios que ofrecen en los salones que necesitan sus propios mobiliarios, uno es la mesa especial para las u\u00f1as, o los asientos que se utilizan para realizar pedicure y faciales. Por ello, es importante considerar qu\u00e9 es lo m\u00e1s esencial para su negocio y as\u00ed poder arrancar.<\/p>\n<h2>\u00bfD\u00f3nde adquirir <a href=\"https:\/\/mueblebellezajb.com\/muebles-de-peluqueria\">muebles de peluquer\u00eda<\/a>?<\/h2>\n<p>Si est\u00e1 buscando un <a href=\"https:\/\/mueblebellezajb.com\/sillon-barbero\"><strong>sill\u00f3n barbero<\/strong><\/a> o similares, los puede adquirir con facilidad en Mueble Belleza JB. Somos una empresa l\u00edder en el mercado del mobiliario para peluquer\u00edas en Colombia fundada en el a\u00f1o 2002.<\/p>\n<p>En Mueble Belleza JB tenemos una amplia gama de muebles para peluquer\u00eda con dise\u00f1os que se adaptan a cualquier est\u00e9tica que quiera para su sal\u00f3n de belleza. Somos reconocidos nacionalmente en asesor\u00eda, fabricaci\u00f3n y restauraci\u00f3n de todo tipo de muebles para sal\u00f3n de belleza.<\/p>\n<p>No dude en comunicarse con nosotros en nuestros horarios de atenci\u00f3n de lunes a viernes de 10:00 a. m. a 5:00 p. m., s\u00e1bado 9:30 a. m. a 12:00 p. m. a trav\u00e9s de las l\u00edneas de atenci\u00f3n telef\u00f3nica 442 18 39, l\u00ednea directa de ventas 311 543 0888 y administraci\u00f3n 320 833 4093.<\/p>\n","protected":false},"excerpt":{"rendered":"<p>Abrir un sal\u00f3n de belleza propio implica mucha planificaci\u00f3n detr\u00e1s, por lo cual puede ser un proceso largo y confuso con muchas cosas para conseguirlo. Por eso en este art\u00edculo vamos a ayudarle a abrir un sal\u00f3n en su casa o comenzar este proyecto que tantas veces ha pospuesto por desconocer los elementos esenciales.<\/p>\n","protected":false},"author":1,"featured_media":246,"comment_status":"closed","ping_status":"closed","sticky":false,"template":"","format":"standard","meta":{"_jetpack_memberships_contains_paid_content":false,"footnotes":"","jetpack_publicize_message":"","jetpack_publicize_feature_enabled":true,"jetpack_social_post_already_shared":true,"jetpack_social_options":{"image_generator_settings":{"template":"highway","enabled":false},"version":2}},"categories":[3,6,7,5],"tags":[],"jetpack_publicize_connections":[],"yoast_head":"<!-- This site is optimized with the Yoast SEO plugin v20.4 - https:\/\/yoast.com\/wordpress\/plugins\/seo\/ -->\n<title>\u00bfC\u00f3mo abrir un sal\u00f3n de belleza?<\/title>\n<meta name=\"description\" content=\"Solo necesita un sill\u00f3n barbero para comenzar con su sal\u00f3n de belleza, ac\u00e1 le contamos c\u00f3mo poder iniciar su negocio.\" \/>\n<meta name=\"robots\" content=\"index, follow, max-snippet:-1, max-image-preview:large, max-video-preview:-1\" \/>\n<link rel=\"canonical\" href=\"https:\/\/mueblebellezajb.com\/blog\/como-abrir-un-salon-de-belleza\/\" \/>\n<meta property=\"og:locale\" content=\"es_ES\" \/>\n<meta property=\"og:type\" content=\"article\" \/>\n<meta property=\"og:title\" content=\"\u00bfC\u00f3mo abrir un sal\u00f3n de belleza?\" \/>\n<meta property=\"og:description\" content=\"Solo necesita un sill\u00f3n barbero para comenzar con su sal\u00f3n de belleza, ac\u00e1 le contamos c\u00f3mo poder iniciar su negocio.\" \/>\n<meta property=\"og:url\" content=\"https:\/\/mueblebellezajb.com\/blog\/como-abrir-un-salon-de-belleza\/\" \/>\n<meta property=\"og:site_name\" content=\"Mueble Belleza JB\" \/>\n<meta property=\"article:published_time\" content=\"2022-03-09T16:23:42+00:00\" \/>\n<meta property=\"article:modified_time\" content=\"2022-04-07T18:40:36+00:00\" \/>\n<meta property=\"og:image\" content=\"https:\/\/mueblebellezajb.com\/blog\/wp-content\/uploads\/2022\/03\/IMG_20210326_175506-min-scaled.jpg\" \/>\n\t<meta property=\"og:image:width\" content=\"1230\" \/>\n\t<meta property=\"og:image:height\" content=\"2560\" \/>\n\t<meta property=\"og:image:type\" content=\"image\/jpeg\" \/>\n<meta name=\"author\" content=\"El equipo de marketing\" \/>\n<meta name=\"twitter:card\" content=\"summary_large_image\" \/>\n<meta name=\"twitter:label1\" content=\"Escrito por\" \/>\n\t<meta name=\"twitter:data1\" content=\"El equipo de marketing\" \/>\n\t<meta name=\"twitter:label2\" content=\"Tiempo estimado de lectura\" \/>\n\t<meta name=\"twitter:data2\" content=\"4 minutos\" \/>\n<script type=\"application\/ld+json\" class=\"yoast-schema-graph\">{\"@context\":\"https:\/\/schema.org\",\"@graph\":[{\"@type\":\"WebPage\",\"@id\":\"https:\/\/mueblebellezajb.com\/blog\/como-abrir-un-salon-de-belleza\/\",\"url\":\"https:\/\/mueblebellezajb.com\/blog\/como-abrir-un-salon-de-belleza\/\",\"name\":\"\u00bfC\u00f3mo abrir un sal\u00f3n de belleza?\",\"isPartOf\":{\"@id\":\"https:\/\/mueblebellezajb.com\/blog\/#website\"},\"datePublished\":\"2022-03-09T16:23:42+00:00\",\"dateModified\":\"2022-04-07T18:40:36+00:00\",\"author\":{\"@id\":\"https:\/\/mueblebellezajb.com\/blog\/#\/schema\/person\/a9ac3679c78292852fc68a0535b3b827\"},\"description\":\"Solo necesita un sill\u00f3n barbero para comenzar con su sal\u00f3n de belleza, ac\u00e1 le contamos c\u00f3mo poder iniciar su negocio.\",\"breadcrumb\":{\"@id\":\"https:\/\/mueblebellezajb.com\/blog\/como-abrir-un-salon-de-belleza\/#breadcrumb\"},\"inLanguage\":\"es-CO\",\"potentialAction\":[{\"@type\":\"ReadAction\",\"target\":[\"https:\/\/mueblebellezajb.com\/blog\/como-abrir-un-salon-de-belleza\/\"]}]},{\"@type\":\"BreadcrumbList\",\"@id\":\"https:\/\/mueblebellezajb.com\/blog\/como-abrir-un-salon-de-belleza\/#breadcrumb\",\"itemListElement\":[{\"@type\":\"ListItem\",\"position\":1,\"name\":\"Home\",\"item\":\"https:\/\/mueblebellezajb.com\/blog\/\"},{\"@type\":\"ListItem\",\"position\":2,\"name\":\"\u00bfC\u00f3mo abrir un sal\u00f3n de belleza?\"}]},{\"@type\":\"WebSite\",\"@id\":\"https:\/\/mueblebellezajb.com\/blog\/#website\",\"url\":\"https:\/\/mueblebellezajb.com\/blog\/\",\"name\":\"Mueble Belleza JB\",\"description\":\"\",\"potentialAction\":[{\"@type\":\"SearchAction\",\"target\":{\"@type\":\"EntryPoint\",\"urlTemplate\":\"https:\/\/mueblebellezajb.com\/blog\/?s={search_term_string}\"},\"query-input\":\"required name=search_term_string\"}],\"inLanguage\":\"es-CO\"},{\"@type\":\"Person\",\"@id\":\"https:\/\/mueblebellezajb.com\/blog\/#\/schema\/person\/a9ac3679c78292852fc68a0535b3b827\",\"name\":\"El equipo de marketing\",\"image\":{\"@type\":\"ImageObject\",\"inLanguage\":\"es-CO\",\"@id\":\"https:\/\/mueblebellezajb.com\/blog\/#\/schema\/person\/image\/\",\"url\":\"https:\/\/secure.gravatar.com\/avatar\/d8e34e41fe8ff33d333a896dcf406917?s=96&d=mm&r=g\",\"contentUrl\":\"https:\/\/secure.gravatar.com\/avatar\/d8e34e41fe8ff33d333a896dcf406917?s=96&d=mm&r=g\",\"caption\":\"El equipo de marketing\"},\"sameAs\":[\"https:\/\/mueblebellezajb.com\/blog\"],\"url\":\"https:\/\/mueblebellezajb.com\/blog\/author\/programacion\/\"}]}<\/script>\n<!-- \/ Yoast SEO plugin. -->","yoast_head_json":{"title":"\u00bfC\u00f3mo abrir un sal\u00f3n de belleza?","description":"Solo necesita un sill\u00f3n barbero para comenzar con su sal\u00f3n de belleza, ac\u00e1 le contamos c\u00f3mo poder iniciar su negocio.","robots":{"index":"index","follow":"follow","max-snippet":"max-snippet:-1","max-image-preview":"max-image-preview:large","max-video-preview":"max-video-preview:-1"},"canonical":"https:\/\/mueblebellezajb.com\/blog\/como-abrir-un-salon-de-belleza\/","og_locale":"es_ES","og_type":"article","og_title":"\u00bfC\u00f3mo abrir un sal\u00f3n de belleza?","og_description":"Solo necesita un sill\u00f3n barbero para comenzar con su sal\u00f3n de belleza, ac\u00e1 le contamos c\u00f3mo poder iniciar su negocio.","og_url":"https:\/\/mueblebellezajb.com\/blog\/como-abrir-un-salon-de-belleza\/","og_site_name":"Mueble Belleza JB","article_published_time":"2022-03-09T16:23:42+00:00","article_modified_time":"2022-04-07T18:40:36+00:00","og_image":[{"width":1230,"height":2560,"url":"https:\/\/mueblebellezajb.com\/blog\/wp-content\/uploads\/2022\/03\/IMG_20210326_175506-min-scaled.jpg","type":"image\/jpeg"}],"author":"El equipo de marketing","twitter_card":"summary_large_image","twitter_misc":{"Escrito por":"El equipo de marketing","Tiempo estimado de lectura":"4 minutos"},"schema":{"@context":"https:\/\/schema.org","@graph":[{"@type":"WebPage","@id":"https:\/\/mueblebellezajb.com\/blog\/como-abrir-un-salon-de-belleza\/","url":"https:\/\/mueblebellezajb.com\/blog\/como-abrir-un-salon-de-belleza\/","name":"\u00bfC\u00f3mo abrir un sal\u00f3n de belleza?","isPartOf":{"@id":"https:\/\/mueblebellezajb.com\/blog\/#website"},"datePublished":"2022-03-09T16:23:42+00:00","dateModified":"2022-04-07T18:40:36+00:00","author":{"@id":"https:\/\/mueblebellezajb.com\/blog\/#\/schema\/person\/a9ac3679c78292852fc68a0535b3b827"},"description":"Solo necesita un sill\u00f3n barbero para comenzar con su sal\u00f3n de belleza, ac\u00e1 le contamos c\u00f3mo poder iniciar su negocio.","breadcrumb":{"@id":"https:\/\/mueblebellezajb.com\/blog\/como-abrir-un-salon-de-belleza\/#breadcrumb"},"inLanguage":"es-CO","potentialAction":[{"@type":"ReadAction","target":["https:\/\/mueblebellezajb.com\/blog\/como-abrir-un-salon-de-belleza\/"]}]},{"@type":"BreadcrumbList","@id":"https:\/\/mueblebellezajb.com\/blog\/como-abrir-un-salon-de-belleza\/#breadcrumb","itemListElement":[{"@type":"ListItem","position":1,"name":"Home","item":"https:\/\/mueblebellezajb.com\/blog\/"},{"@type":"ListItem","position":2,"name":"\u00bfC\u00f3mo abrir un sal\u00f3n de belleza?"}]},{"@type":"WebSite","@id":"https:\/\/mueblebellezajb.com\/blog\/#website","url":"https:\/\/mueblebellezajb.com\/blog\/","name":"Mueble Belleza JB","description":"","potentialAction":[{"@type":"SearchAction","target":{"@type":"EntryPoint","urlTemplate":"https:\/\/mueblebellezajb.com\/blog\/?s={search_term_string}"},"query-input":"required name=search_term_string"}],"inLanguage":"es-CO"},{"@type":"Person","@id":"https:\/\/mueblebellezajb.com\/blog\/#\/schema\/person\/a9ac3679c78292852fc68a0535b3b827","name":"El equipo de marketing","image":{"@type":"ImageObject","inLanguage":"es-CO","@id":"https:\/\/mueblebellezajb.com\/blog\/#\/schema\/person\/image\/","url":"https:\/\/secure.gravatar.com\/avatar\/d8e34e41fe8ff33d333a896dcf406917?s=96&d=mm&r=g","contentUrl":"https:\/\/secure.gravatar.com\/avatar\/d8e34e41fe8ff33d333a896dcf406917?s=96&d=mm&r=g","caption":"El equipo de marketing"},"sameAs":["https:\/\/mueblebellezajb.com\/blog"],"url":"https:\/\/mueblebellezajb.com\/blog\/author\/programacion\/"}]}},"jetpack_sharing_enabled":true,"jetpack_featured_media_url":"https:\/\/mueblebellezajb.com\/blog\/wp-content\/uploads\/2022\/03\/IMG_20210326_175506-min-scaled.jpg","_links":{"self":[{"href":"https:\/\/mueblebellezajb.com\/blog\/wp-json\/wp\/v2\/posts\/237"}],"collection":[{"href":"https:\/\/mueblebellezajb.com\/blog\/wp-json\/wp\/v2\/posts"}],"about":[{"href":"https:\/\/mueblebellezajb.com\/blog\/wp-json\/wp\/v2\/types\/post"}],"author":[{"embeddable":true,"href":"https:\/\/mueblebellezajb.com\/blog\/wp-json\/wp\/v2\/users\/1"}],"replies":[{"embeddable":true,"href":"https:\/\/mueblebellezajb.com\/blog\/wp-json\/wp\/v2\/comments?post=237"}],"version-history":[{"count":2,"href":"https:\/\/mueblebellezajb.com\/blog\/wp-json\/wp\/v2\/posts\/237\/revisions"}],"predecessor-version":[{"id":249,"href":"https:\/\/mueblebellezajb.com\/blog\/wp-json\/wp\/v2\/posts\/237\/revisions\/249"}],"wp:featuredmedia":[{"embeddable":true,"href":"https:\/\/mueblebellezajb.com\/blog\/wp-json\/wp\/v2\/media\/246"}],"wp:attachment":[{"href":"https:\/\/mueblebellezajb.com\/blog\/wp-json\/wp\/v2\/media?parent=237"}],"wp:term":[{"taxonomy":"category","embeddable":true,"href":"https:\/\/mueblebellezajb.com\/blog\/wp-json\/wp\/v2\/categories?post=237"},{"taxonomy":"post_tag","embeddable":true,"href":"https:\/\/mueblebellezajb.com\/blog\/wp-json\/wp\/v2\/tags?post=237"}],"curies":[{"name":"wp","href":"https:\/\/api.w.org\/{rel}","templated":true}]}}