{"id":437,"date":"2023-09-15T17:03:19","date_gmt":"2023-09-15T17:03:19","guid":{"rendered":"https:\/\/mueblebellezajb.com\/blog\/?p=437"},"modified":"2023-09-08T17:09:58","modified_gmt":"2023-09-08T17:09:58","slug":"sillon-barbero-que-debe-priorizar-funcionalidad-o-estetica","status":"publish","type":"post","link":"https:\/\/mueblebellezajb.com\/blog\/sillon-barbero-que-debe-priorizar-funcionalidad-o-estetica\/","title":{"rendered":"Sill\u00f3n barbero: \u00bfqu\u00e9 debe priorizar funcionalidad o est\u00e9tica?"},"content":{"rendered":"<p>Cuando se trata de equipar una barber\u00eda, uno de los elementos clave es el <a href=\"https:\/\/mueblebellezajb.com\/sillon-barbero\"><strong>sill\u00f3n barbero<\/strong><\/a>. En algunas ocasiones, se vuelve el protagonista de toda la decoraci\u00f3n del local. Sin embargo, de la importancia de este asiento c\u00f3nico surge la eterna pregunta: \u00bfdebe priorizarse la funcionalidad sobre la est\u00e9tica o viceversa? En este art\u00edculo, exploramos esta disyuntiva y desentra\u00f1aremos la importancia de encontrar el equilibrio perfecto entre estos dos aspectos esenciales.<\/p>\n<p><!--more--><\/p>\n<h2>Funcionalidad: la base de una experiencia satisfactoria<\/h2>\n<p>Sin duda, un aspecto fundamental a la hora de adquirir <a href=\"https:\/\/mueblebellezajb.com\/sillas-de-barberia\">sillas de barber\u00eda<\/a> es pensar en la funcionalidad, pues es una herramienta que debe facilitar el trabajo del barbero. Por esto, a continuaci\u00f3n, enumeramos los motivos por los que no debe prescindir de la funcionalidad y practicidad de esta herramienta de trabajo:<\/p>\n<h3>La ergonom\u00eda en acci\u00f3n<\/h3>\n<p>Como ya comentamos antes, la funcionalidad del <a href=\"https:\/\/mueblebellezajb.com\/sillon-barbero\"><strong>sill\u00f3n barbero<\/strong><\/a> debe ser el punto de partida. Un sill\u00f3n ergon\u00f3mico es fundamental para garantizar la comodidad tanto del barbero como del cliente. Caracter\u00edsticas como la capacidad de ajustar la altura, el respaldo reclinable y los reposapi\u00e9s extensibles contribuyen a una experiencia de corte y afeitado m\u00e1s placentera y precisa.<\/p>\n<h3>Optimizando el espacio<\/h3>\n<p>Un sill\u00f3n que se ajuste eficientemente al espacio disponible es esencial para una barber\u00eda organizada. Los modelos con funciones de giro y desplazamiento permiten un uso flexible del espacio, lo que es especialmente valioso en barber\u00edas con un tr\u00e1fico constante de clientes.<\/p>\n<h2>Est\u00e9tica: la primera impresi\u00f3n es la que cuenta<\/h2>\n<p>Si bien la est\u00e9tica es un factor que se deja en segundo lugar, no por esto deja de ser importante. Cuando se trata de centros de belleza y barber\u00edas, el aspecto de los <a href=\"https:\/\/mueblebellezajb.com\/muebles-de-peluqueria\">muebles de peluquer\u00eda<\/a> puede ser decisivo en la selecci\u00f3n de barber\u00eda para los clientes. Estos son algunos motivos por los que tambi\u00e9n deber\u00eda considerar la est\u00e9tica de sus sillones de barber\u00eda:<\/p>\n<h3>Reflejo de la identidad de la barber\u00eda<\/h3>\n<p>La est\u00e9tica del <a href=\"https:\/\/mueblebellezajb.com\/sillon-barbero\"><strong>sill\u00f3n barbero<\/strong><\/a> es la carta de presentaci\u00f3n de la barber\u00eda. Debe reflejar la identidad de la marca y crear un ambiente que invite a los clientes a relajarse y disfrutar de sus servicios. La elecci\u00f3n de colores, materiales y detalles decorativos puede marcar la diferencia en la percepci\u00f3n que los clientes tienen del establecimiento.<\/p>\n<h3>Creando un ambiente memorable<\/h3>\n<p>La est\u00e9tica de los sillones barberos tambi\u00e9n contribuye a crear un ambiente memorable y que los clientes deseen compartir en sus redes sociales. Los clientes disfrutan fotografiarse en entornos atractivos y \u00fanicos, lo que puede traducirse en publicidad org\u00e1nica y un aumento en la visibilidad del negocio.<\/p>\n<h2>Busque el equilibrio entre funcionalidad y est\u00e9tica<\/h2>\n<p>Cuando se trata de sillones barberos, la mejor opci\u00f3n es apostar por un equilibrio entre funcionalidad y est\u00e9tica. Sin duda, este sill\u00f3n debe ser una herramienta de trabajo que funcione y facilite el trabajo, pero no por ello debe descuidar la est\u00e9tica del asiento.<\/p>\n<p>Buscar el equilibrio entre funcionalidad y est\u00e9tica es esencial. Un <a href=\"https:\/\/mueblebellezajb.com\/sillon-barbero\"><strong>sill\u00f3n barbero<\/strong><\/a> puede ser visualmente impactante, pero si no es c\u00f3modo y funcional, la experiencia del cliente se ver\u00e1 comprometida. Por otro lado, un sill\u00f3n altamente funcional pero carente de atractivo visual podr\u00eda no resonar con los clientes en un mercado cada vez m\u00e1s competitivo.<\/p>\n<h2>Apueste por un sill\u00f3n personalizado<\/h2>\n<p>Encontrar este equilibrio significa tambi\u00e9n considerar la posibilidad de personalizaci\u00f3n. Muchos fabricantes ofrecen opciones para personalizar los sillones, lo que permite adaptarlos tanto en t\u00e9rminos de funcionalidad como de est\u00e9tica a las necesidades espec\u00edficas de la barber\u00eda.<\/p>\n<p>Esta personalizaci\u00f3n permitir\u00e1 que elija desde el color de la tapicer\u00eda, las medidas y hasta las funcionalidades del sill\u00f3n. Por lo tanto, apostar por muebles personalizados siempre es una gran alternativa para dise\u00f1ar el asiento perfecto para su barber\u00eda.<\/p>\n<p>La elecci\u00f3n entre funcionalidad y est\u00e9tica en un sill\u00f3n de barber\u00eda no deber\u00eda ser un dilema excluyente. En definitiva, el enfoque \u00f3ptimo es encontrar un sill\u00f3n que combine lo mejor de ambos mundos: un dise\u00f1o atractivo que refleje la identidad de la barber\u00eda y una funcionalidad impecable que asegure la comodidad y eficiencia en el trabajo diario.<\/p>\n<h2>\u00bfD\u00f3nde adquirir los mejores sillones barberos en Colombia?<\/h2>\n<p>En Mueble Belleza JB, la excelencia en calidad es nuestra principal prioridad. Con m\u00e1s de dos d\u00e9cadas de experiencia, hemos forjado nuestro camino como la compa\u00f1\u00eda l\u00edder en Colombia en el dise\u00f1o, creaci\u00f3n, remodelaci\u00f3n y reparaci\u00f3n de muebles para salones de belleza, spas, barber\u00edas y centros integrales de belleza.<\/p>\n<p>Para m\u00e1s informaci\u00f3n sobre nuestros servicios como fabricantes de mobiliario de peluquer\u00edas, comun\u00edquese al WhatsApp +57 311 543 0888, donde nuestro equipo se encuentra a su disposici\u00f3n para brindarle asesor\u00eda personalizada.<\/p>\n","protected":false},"excerpt":{"rendered":"<p>Cuando se trata de equipar una barber\u00eda, uno de los elementos clave es el sill\u00f3n barbero. En algunas ocasiones, se vuelve el protagonista de toda la decoraci\u00f3n del local. Sin embargo, de la importancia de este asiento c\u00f3nico surge la eterna pregunta: \u00bfdebe priorizarse la funcionalidad sobre la est\u00e9tica o viceversa? En este art\u00edculo, exploramos<br \/><a href=\"https:\/\/mueblebellezajb.com\/blog\/sillon-barbero-que-debe-priorizar-funcionalidad-o-estetica\/\" class=\"more\">Leer m\u00e1s<\/a><\/p>\n","protected":false},"author":1,"featured_media":441,"comment_status":"closed","ping_status":"closed","sticky":false,"template":"","format":"standard","meta":{"_jetpack_memberships_contains_paid_content":false,"footnotes":"","jetpack_publicize_message":"","jetpack_publicize_feature_enabled":true,"jetpack_social_post_already_shared":true,"jetpack_social_options":{"image_generator_settings":{"template":"highway","enabled":false},"version":2}},"categories":[3],"tags":[],"jetpack_publicize_connections":[],"yoast_head":"<!-- This site is optimized with the Yoast SEO plugin v20.4 - https:\/\/yoast.com\/wordpress\/plugins\/seo\/ -->\n<title>Sill\u00f3n barbero: \u00bfqu\u00e9 debe priorizar funcionalidad o est\u00e9tica?<\/title>\n<meta name=\"description\" content=\"La pregunta m\u00e1s com\u00fan durante la adquisici\u00f3n de un sill\u00f3n barbero es si se debe priorizar la funcionalidad o est\u00e9tica. A continuaci\u00f3n, revelamos la respuesta\" \/>\n<meta name=\"robots\" content=\"index, follow, max-snippet:-1, max-image-preview:large, max-video-preview:-1\" \/>\n<link rel=\"canonical\" href=\"https:\/\/mueblebellezajb.com\/blog\/sillon-barbero-que-debe-priorizar-funcionalidad-o-estetica\/\" \/>\n<meta property=\"og:locale\" content=\"es_ES\" \/>\n<meta property=\"og:type\" content=\"article\" \/>\n<meta property=\"og:title\" content=\"Sill\u00f3n barbero: \u00bfqu\u00e9 debe priorizar funcionalidad o est\u00e9tica?\" \/>\n<meta property=\"og:description\" content=\"La pregunta m\u00e1s com\u00fan durante la adquisici\u00f3n de un sill\u00f3n barbero es si se debe priorizar la funcionalidad o est\u00e9tica. A continuaci\u00f3n, revelamos la respuesta\" \/>\n<meta property=\"og:url\" content=\"https:\/\/mueblebellezajb.com\/blog\/sillon-barbero-que-debe-priorizar-funcionalidad-o-estetica\/\" \/>\n<meta property=\"og:site_name\" content=\"Mueble Belleza JB\" \/>\n<meta property=\"article:published_time\" content=\"2023-09-15T17:03:19+00:00\" \/>\n<meta property=\"article:modified_time\" content=\"2023-09-08T17:09:58+00:00\" \/>\n<meta property=\"og:image\" content=\"https:\/\/mueblebellezajb.com\/blog\/wp-content\/uploads\/2023\/09\/MINI-BARBER.jpg\" \/>\n\t<meta property=\"og:image:width\" content=\"520\" \/>\n\t<meta property=\"og:image:height\" content=\"520\" \/>\n\t<meta property=\"og:image:type\" content=\"image\/jpeg\" \/>\n<meta name=\"author\" content=\"El equipo de marketing\" \/>\n<meta name=\"twitter:card\" content=\"summary_large_image\" \/>\n<meta name=\"twitter:label1\" content=\"Escrito por\" \/>\n\t<meta name=\"twitter:data1\" content=\"El equipo de marketing\" \/>\n\t<meta name=\"twitter:label2\" content=\"Tiempo estimado de lectura\" \/>\n\t<meta name=\"twitter:data2\" content=\"4 minutos\" \/>\n<script type=\"application\/ld+json\" class=\"yoast-schema-graph\">{\"@context\":\"https:\/\/schema.org\",\"@graph\":[{\"@type\":\"WebPage\",\"@id\":\"https:\/\/mueblebellezajb.com\/blog\/sillon-barbero-que-debe-priorizar-funcionalidad-o-estetica\/\",\"url\":\"https:\/\/mueblebellezajb.com\/blog\/sillon-barbero-que-debe-priorizar-funcionalidad-o-estetica\/\",\"name\":\"Sill\u00f3n barbero: \u00bfqu\u00e9 debe priorizar funcionalidad o est\u00e9tica?\",\"isPartOf\":{\"@id\":\"https:\/\/mueblebellezajb.com\/blog\/#website\"},\"datePublished\":\"2023-09-15T17:03:19+00:00\",\"dateModified\":\"2023-09-08T17:09:58+00:00\",\"author\":{\"@id\":\"https:\/\/mueblebellezajb.com\/blog\/#\/schema\/person\/a9ac3679c78292852fc68a0535b3b827\"},\"description\":\"La pregunta m\u00e1s com\u00fan durante la adquisici\u00f3n de un sill\u00f3n barbero es si se debe priorizar la funcionalidad o est\u00e9tica. A continuaci\u00f3n, revelamos la respuesta\",\"breadcrumb\":{\"@id\":\"https:\/\/mueblebellezajb.com\/blog\/sillon-barbero-que-debe-priorizar-funcionalidad-o-estetica\/#breadcrumb\"},\"inLanguage\":\"es-CO\",\"potentialAction\":[{\"@type\":\"ReadAction\",\"target\":[\"https:\/\/mueblebellezajb.com\/blog\/sillon-barbero-que-debe-priorizar-funcionalidad-o-estetica\/\"]}]},{\"@type\":\"BreadcrumbList\",\"@id\":\"https:\/\/mueblebellezajb.com\/blog\/sillon-barbero-que-debe-priorizar-funcionalidad-o-estetica\/#breadcrumb\",\"itemListElement\":[{\"@type\":\"ListItem\",\"position\":1,\"name\":\"Home\",\"item\":\"https:\/\/mueblebellezajb.com\/blog\/\"},{\"@type\":\"ListItem\",\"position\":2,\"name\":\"Sill\u00f3n barbero: \u00bfqu\u00e9 debe priorizar funcionalidad o est\u00e9tica?\"}]},{\"@type\":\"WebSite\",\"@id\":\"https:\/\/mueblebellezajb.com\/blog\/#website\",\"url\":\"https:\/\/mueblebellezajb.com\/blog\/\",\"name\":\"Mueble Belleza JB\",\"description\":\"\",\"potentialAction\":[{\"@type\":\"SearchAction\",\"target\":{\"@type\":\"EntryPoint\",\"urlTemplate\":\"https:\/\/mueblebellezajb.com\/blog\/?s={search_term_string}\"},\"query-input\":\"required name=search_term_string\"}],\"inLanguage\":\"es-CO\"},{\"@type\":\"Person\",\"@id\":\"https:\/\/mueblebellezajb.com\/blog\/#\/schema\/person\/a9ac3679c78292852fc68a0535b3b827\",\"name\":\"El equipo de marketing\",\"image\":{\"@type\":\"ImageObject\",\"inLanguage\":\"es-CO\",\"@id\":\"https:\/\/mueblebellezajb.com\/blog\/#\/schema\/person\/image\/\",\"url\":\"https:\/\/secure.gravatar.com\/avatar\/d8e34e41fe8ff33d333a896dcf406917?s=96&d=mm&r=g\",\"contentUrl\":\"https:\/\/secure.gravatar.com\/avatar\/d8e34e41fe8ff33d333a896dcf406917?s=96&d=mm&r=g\",\"caption\":\"El equipo de marketing\"},\"sameAs\":[\"https:\/\/mueblebellezajb.com\/blog\"],\"url\":\"https:\/\/mueblebellezajb.com\/blog\/author\/programacion\/\"}]}<\/script>\n<!-- \/ Yoast SEO plugin. -->","yoast_head_json":{"title":"Sill\u00f3n barbero: \u00bfqu\u00e9 debe priorizar funcionalidad o est\u00e9tica?","description":"La pregunta m\u00e1s com\u00fan durante la adquisici\u00f3n de un sill\u00f3n barbero es si se debe priorizar la funcionalidad o est\u00e9tica. A continuaci\u00f3n, revelamos la respuesta","robots":{"index":"index","follow":"follow","max-snippet":"max-snippet:-1","max-image-preview":"max-image-preview:large","max-video-preview":"max-video-preview:-1"},"canonical":"https:\/\/mueblebellezajb.com\/blog\/sillon-barbero-que-debe-priorizar-funcionalidad-o-estetica\/","og_locale":"es_ES","og_type":"article","og_title":"Sill\u00f3n barbero: \u00bfqu\u00e9 debe priorizar funcionalidad o est\u00e9tica?","og_description":"La pregunta m\u00e1s com\u00fan durante la adquisici\u00f3n de un sill\u00f3n barbero es si se debe priorizar la funcionalidad o est\u00e9tica. A continuaci\u00f3n, revelamos la respuesta","og_url":"https:\/\/mueblebellezajb.com\/blog\/sillon-barbero-que-debe-priorizar-funcionalidad-o-estetica\/","og_site_name":"Mueble Belleza JB","article_published_time":"2023-09-15T17:03:19+00:00","article_modified_time":"2023-09-08T17:09:58+00:00","og_image":[{"width":520,"height":520,"url":"https:\/\/mueblebellezajb.com\/blog\/wp-content\/uploads\/2023\/09\/MINI-BARBER.jpg","type":"image\/jpeg"}],"author":"El equipo de marketing","twitter_card":"summary_large_image","twitter_misc":{"Escrito por":"El equipo de marketing","Tiempo estimado de lectura":"4 minutos"},"schema":{"@context":"https:\/\/schema.org","@graph":[{"@type":"WebPage","@id":"https:\/\/mueblebellezajb.com\/blog\/sillon-barbero-que-debe-priorizar-funcionalidad-o-estetica\/","url":"https:\/\/mueblebellezajb.com\/blog\/sillon-barbero-que-debe-priorizar-funcionalidad-o-estetica\/","name":"Sill\u00f3n barbero: \u00bfqu\u00e9 debe priorizar funcionalidad o est\u00e9tica?","isPartOf":{"@id":"https:\/\/mueblebellezajb.com\/blog\/#website"},"datePublished":"2023-09-15T17:03:19+00:00","dateModified":"2023-09-08T17:09:58+00:00","author":{"@id":"https:\/\/mueblebellezajb.com\/blog\/#\/schema\/person\/a9ac3679c78292852fc68a0535b3b827"},"description":"La pregunta m\u00e1s com\u00fan durante la adquisici\u00f3n de un sill\u00f3n barbero es si se debe priorizar la funcionalidad o est\u00e9tica. A continuaci\u00f3n, revelamos la respuesta","breadcrumb":{"@id":"https:\/\/mueblebellezajb.com\/blog\/sillon-barbero-que-debe-priorizar-funcionalidad-o-estetica\/#breadcrumb"},"inLanguage":"es-CO","potentialAction":[{"@type":"ReadAction","target":["https:\/\/mueblebellezajb.com\/blog\/sillon-barbero-que-debe-priorizar-funcionalidad-o-estetica\/"]}]},{"@type":"BreadcrumbList","@id":"https:\/\/mueblebellezajb.com\/blog\/sillon-barbero-que-debe-priorizar-funcionalidad-o-estetica\/#breadcrumb","itemListElement":[{"@type":"ListItem","position":1,"name":"Home","item":"https:\/\/mueblebellezajb.com\/blog\/"},{"@type":"ListItem","position":2,"name":"Sill\u00f3n barbero: \u00bfqu\u00e9 debe priorizar funcionalidad o est\u00e9tica?"}]},{"@type":"WebSite","@id":"https:\/\/mueblebellezajb.com\/blog\/#website","url":"https:\/\/mueblebellezajb.com\/blog\/","name":"Mueble Belleza JB","description":"","potentialAction":[{"@type":"SearchAction","target":{"@type":"EntryPoint","urlTemplate":"https:\/\/mueblebellezajb.com\/blog\/?s={search_term_string}"},"query-input":"required name=search_term_string"}],"inLanguage":"es-CO"},{"@type":"Person","@id":"https:\/\/mueblebellezajb.com\/blog\/#\/schema\/person\/a9ac3679c78292852fc68a0535b3b827","name":"El equipo de marketing","image":{"@type":"ImageObject","inLanguage":"es-CO","@id":"https:\/\/mueblebellezajb.com\/blog\/#\/schema\/person\/image\/","url":"https:\/\/secure.gravatar.com\/avatar\/d8e34e41fe8ff33d333a896dcf406917?s=96&d=mm&r=g","contentUrl":"https:\/\/secure.gravatar.com\/avatar\/d8e34e41fe8ff33d333a896dcf406917?s=96&d=mm&r=g","caption":"El equipo de marketing"},"sameAs":["https:\/\/mueblebellezajb.com\/blog"],"url":"https:\/\/mueblebellezajb.com\/blog\/author\/programacion\/"}]}},"jetpack_sharing_enabled":true,"jetpack_featured_media_url":"https:\/\/mueblebellezajb.com\/blog\/wp-content\/uploads\/2023\/09\/MINI-BARBER.jpg","_links":{"self":[{"href":"https:\/\/mueblebellezajb.com\/blog\/wp-json\/wp\/v2\/posts\/437"}],"collection":[{"href":"https:\/\/mueblebellezajb.com\/blog\/wp-json\/wp\/v2\/posts"}],"about":[{"href":"https:\/\/mueblebellezajb.com\/blog\/wp-json\/wp\/v2\/types\/post"}],"author":[{"embeddable":true,"href":"https:\/\/mueblebellezajb.com\/blog\/wp-json\/wp\/v2\/users\/1"}],"replies":[{"embeddable":true,"href":"https:\/\/mueblebellezajb.com\/blog\/wp-json\/wp\/v2\/comments?post=437"}],"version-history":[{"count":2,"href":"https:\/\/mueblebellezajb.com\/blog\/wp-json\/wp\/v2\/posts\/437\/revisions"}],"predecessor-version":[{"id":445,"href":"https:\/\/mueblebellezajb.com\/blog\/wp-json\/wp\/v2\/posts\/437\/revisions\/445"}],"wp:featuredmedia":[{"embeddable":true,"href":"https:\/\/mueblebellezajb.com\/blog\/wp-json\/wp\/v2\/media\/441"}],"wp:attachment":[{"href":"https:\/\/mueblebellezajb.com\/blog\/wp-json\/wp\/v2\/media?parent=437"}],"wp:term":[{"taxonomy":"category","embeddable":true,"href":"https:\/\/mueblebellezajb.com\/blog\/wp-json\/wp\/v2\/categories?post=437"},{"taxonomy":"post_tag","embeddable":true,"href":"https:\/\/mueblebellezajb.com\/blog\/wp-json\/wp\/v2\/tags?post=437"}],"curies":[{"name":"wp","href":"https:\/\/api.w.org\/{rel}","templated":true}]}}