{"id":710,"date":"2026-02-10T16:23:16","date_gmt":"2026-02-10T16:23:16","guid":{"rendered":"https:\/\/mueblebellezajb.com\/blog\/?p=710"},"modified":"2026-01-27T16:33:08","modified_gmt":"2026-01-27T16:33:08","slug":"el-impacto-del-diseno-modular-y-la-silla-de-barberos-en-espacios-hibridos","status":"publish","type":"post","link":"https:\/\/mueblebellezajb.com\/blog\/el-impacto-del-diseno-modular-y-la-silla-de-barberos-en-espacios-hibridos\/","title":{"rendered":"El impacto del dise\u00f1o modular y la silla de barberos en espacios h\u00edbridos"},"content":{"rendered":"<p>La <a href=\"https:\/\/mueblebellezajb.com\/silla_de_barberos\"><strong>silla de barberos<\/strong><\/a> es hoy el n\u00facleo de un sistema operativo completo. Por eso, entre 2025 y 2026, con el auge de los espacios h\u00edbridos, donde se fusionan la barber\u00eda con la est\u00e9tica masculina o el <em>grooming <\/em>premium, los due\u00f1os de negocios han comenzado a evaluar sus <a href=\"https:\/\/mueblebellezajb.com\/muebles_para_barberia\"><strong>muebles para barber\u00eda<\/strong><\/a> bajo nuevos criterios de rentabilidad y adaptaci\u00f3n, con el prop\u00f3sito de potenciar el flujo de trabajo e incrementar las posibilidades de crecimiento. Pensando en esto, en las siguientes l\u00edneas le contaremos c\u00f3mo la adecuada selecci\u00f3n de estas piezas le ayudar\u00e1 a alcanzar sus metas de negocio.<\/p>\n<p><!--more--><\/p>\n<h2>La esencia del dise\u00f1o modular aplicado a su silla de barberos<\/h2>\n<p>\u00bfPodr\u00eda usted imaginarse integrar su asiento principal en un ecosistema de mobiliario que permita cambiar la configuraci\u00f3n seg\u00fan el servicio que est\u00e9 brindando en ese momento? En la pr\u00e1ctica, contar con una <a href=\"https:\/\/mueblebellezajb.com\/silla_de_barberos\"><strong>silla de <\/strong><\/a><a href=\"https:\/\/mueblebellezajb.com\/silla_de_barberos\"><strong>barberos<\/strong><\/a> modular significa que usted puede transitar entre protocolos de corte, afeitado y <em>grooming <\/em>con toda naturalidad.<\/p>\n<p>Este tipo de equipamiento se integra a la perfecci\u00f3n con otros <a href=\"https:\/\/mueblebellezajb.com\/muebles_de_peluqueria\"><strong>muebles de peluquer\u00eda<\/strong><\/a>, lo que se traduce en menos errores operativos y una mayor agilidad. De hecho, organizaciones como la IDSA confirman que esta flexibilidad no solo alarga la vida \u00fatil del producto, sino que protege su bolsillo al reducir el costo de propiedad.<\/p>\n<h2>Priorizar la ergonom\u00eda operativa y su bienestar f\u00edsico<\/h2>\n<p>Es hora de que hablemos de usted, porque si bien <a href=\"https:\/\/mueblebellezajb.com\/blog\/como-elegir-un-sillon-barbero-comodo-y-resistente\/\">la comodidad del cliente es vital<\/a>, el impacto f\u00edsico m\u00e1s intenso recae sobre sus hombros. En este sentido, el NIOSH ha advertido en diversos estudios que usar puestos de trabajo ajustables es fundamental para evitar lesiones musculoesquel\u00e9ticas causadas por tareas repetitivas. En respuesta a dicha necesidad, una <a href=\"https:\/\/mueblebellezajb.com\/silla_de_barberos\"><strong>silla de <\/strong><\/a><a href=\"https:\/\/mueblebellezajb.com\/silla_de_barberos\"><strong>barberos<\/strong><\/a> con ingenier\u00eda de calidad le ofrece:<\/p>\n<ul>\n<li>Un control de altura y reclinaci\u00f3n exacto para que su zona lumbar no sufra las consecuencias de una incorrecta postura.<\/li>\n<li>Un giro fluido que le permite moverse con libertad incluso en los cortes de cabello m\u00e1s detallados.<\/li>\n<li>Sincron\u00eda total con estaciones m\u00f3viles y carros auxiliares para que todo est\u00e9 a su alcance.<\/li>\n<\/ul>\n<p>En Mueble Belleza JB entendemos este desaf\u00edo, ya que no nos limitamos a entregar un producto, sino que dise\u00f1amos soluciones capaces de tolerar el ritmo de una jornada profesional.<\/p>\n<h3>Seguridad sanitaria y confianza del mercado<\/h3>\n<p>Usted sabe que la modularidad, en conjunto con la instalaci\u00f3n de una <a href=\"https:\/\/mueblebellezajb.com\/silla_de_barberos\"><strong>silla de barberos<\/strong><\/a><strong>, <\/strong>se ha vuelto la mejor herramienta para cumplir con las estrictas normativas de bioseguridad. Las autoridades de salud exigen materiales que no sean porosos y piezas que se desmontan con facilidad para una limpieza profunda y, seg\u00fan la WHO, la higiene de su entorno depende directamente de que el dise\u00f1o de su equipo facilite la desinfecci\u00f3n entre cada turno. Al elegir una silla modular, usted garantiza una limpieza efectiva y minimiza los puntos donde se acumulan residuos, elevando de paso la percepci\u00f3n de profesionalismo que percibe quien se sienta en su local.<\/p>\n<h2>Claves para elegir su silla de barberos modular<\/h2>\n<p>Si est\u00e1 listo para dar el paso, aseg\u00farese de verificar que el modelo sea compatible con sus estaciones y lavacabezas. No olvide confirmar que los materiales cuenten con certificaci\u00f3n sanitaria y que el proveedor le garantice soporte t\u00e9cnico y refacciones. En nuestro cat\u00e1logo encontrar\u00e1 opciones dise\u00f1adas para negocios que desean evolucionar <a href=\"https:\/\/mueblebellezajb.com\/blog\/muebles-para-barberia-vintage-para-un-estilo-clasico\/\">manteniendo su est\u00e9tica<\/a> y sin tener que remodelar todo el espacio en unos pocos a\u00f1os.<\/p>\n<p>Si siente que su sal\u00f3n necesita un cambio estrat\u00e9gico para escalar, le invitamos a conocer las soluciones de <a href=\"https:\/\/mueblebellezajb.com\/\"><strong>Mueble Belleza JB<\/strong><\/a> y transformar <a href=\"https:\/\/mueblebellezajb.com\/blog\/inversion-en-muebles-para-salon-de-belleza-que-sean-rentables\/\">su inversi\u00f3n en una ventaja competitiva real<\/a>. Para hablar con un asesor de nuestro equipo, b\u00fasquenos a trav\u00e9s de cualquiera de nuestros medios de contacto:<\/p>\n<ul>\n<li>Correo electr\u00f3nico: <a href=\"mailto:ventas@mueblebellezajb.com\">ventas@mueblebellezajb.com<\/a><\/li>\n<li>M\u00f3vil: <a href=\"tel:3208334093\">(320) 833 4093<\/a><\/li>\n<li>WhatsApp: <a href=\"https:\/\/wa.me\/+573115430888\" target=\"_blank\" rel=\"noopener\">+57 311 543 0888<\/a><\/li>\n<li>Ubicaci\u00f3n: Cra. 25 # 9-24 Sur \u2013 Barrio La Fraguita. Bogot\u00e1, Colombia.<\/li>\n<\/ul>\n<h2>Preguntas frecuentes<\/h2>\n<h3>\u00bfLas sillas de barberos modulares son m\u00e1s caras?<\/h3>\n<p>En algunos casos representar\u00e1n una inversi\u00f3n inicial mayor a la que significar\u00eda elegir otras opciones disponibles en el mercado. Sin embargo, el costo inicial se compensa a largo plazo debido a la excepcional resistencia y adaptabilidad que distingue a estas piezas.<\/p>\n<h3>\u00bfEs posible integrar sillas de barberos a los muebles que ya se tienen en una peluquer\u00eda?<\/h3>\n<p>Por supuesto, siempre que el dise\u00f1o est\u00e9 orientado a espacios profesionales e h\u00edbridos, la integraci\u00f3n ser\u00e1 sencilla.<\/p>\n<h3>\u00bfFuncionan las sillas de barbero para negocios con poco espacio?<\/h3>\n<p>Claro que s\u00ed. Gracias a la modularidad, una <a href=\"https:\/\/mueblebellezajb.com\/silla_de_barberos\"><strong>silla de <\/strong><\/a><a href=\"https:\/\/mueblebellezajb.com\/silla_de_barberos\"><strong>barberos<\/strong><\/a> resulta ideal para instalarse en locales compactos, logrando que cada metro cuadrado ofrezca una mayor rentabilidad.<\/p>\n<p>&nbsp;<\/p>\n<p>&nbsp;<\/p>\n<h4>Revisado por:<\/h4>\n<p>Federico Posada Jaramillo<\/p>\n<p>Gerente Comercial \u2013 Willtex<\/p>\n<p>Especialista en Acabados Arquitect\u00f3nicos<\/p>\n<p>Cuenta con m\u00e1s de 30 a\u00f1os de experiencia impulsando soluciones innovadoras en pisos, alfombras, mobiliario y divisiones arquitect\u00f3nicas. Desde su liderazgo comercial en Willtex, conecta con arquitectos, dise\u00f1adores y constructoras para transformar espacios en experiencias funcionales, est\u00e9ticas y duraderas.<\/p>\n<p>Correo electr\u00f3nico: <a href=\"mailto:federico.posada@willtex.co\">Federico Posada<\/a> | LinkedIn: <a href=\"https:\/\/www.linkedin.com\/in\/federicoposadaj\/\" target=\"_blank\" rel=\"noopener\">Federico Posada<\/a><\/p>\n","protected":false},"excerpt":{"rendered":"<p>La silla de barberos es hoy el n\u00facleo de un sistema operativo completo. Por eso, entre 2025 y 2026, con el auge de los espacios h\u00edbridos, donde se fusionan la barber\u00eda con la est\u00e9tica masculina o el grooming premium, los due\u00f1os de negocios han comenzado a evaluar sus muebles para barber\u00eda bajo nuevos criterios de<br \/><a href=\"https:\/\/mueblebellezajb.com\/blog\/el-impacto-del-diseno-modular-y-la-silla-de-barberos-en-espacios-hibridos\/\" class=\"more\">Leer m\u00e1s<\/a><\/p>\n","protected":false},"author":1,"featured_media":244,"comment_status":"closed","ping_status":"closed","sticky":false,"template":"","format":"standard","meta":{"_jetpack_memberships_contains_paid_content":false,"footnotes":"","jetpack_publicize_message":"","jetpack_publicize_feature_enabled":true,"jetpack_social_post_already_shared":true,"jetpack_social_options":{"image_generator_settings":{"template":"highway","enabled":false},"version":2}},"categories":[3],"tags":[],"jetpack_publicize_connections":[],"yoast_head":"<!-- This site is optimized with the Yoast SEO plugin v20.4 - https:\/\/yoast.com\/wordpress\/plugins\/seo\/ -->\n<title>El impacto del dise\u00f1o modular y la silla de barberos en espacios h\u00edbridos<\/title>\n<meta name=\"description\" content=\"Una silla de barberos modular impulsa la eficiencia, higiene y rentabilidad en barber\u00edas y espacios h\u00edbridos. Descubra c\u00f3mo implementarla\" \/>\n<meta name=\"robots\" content=\"index, follow, max-snippet:-1, max-image-preview:large, max-video-preview:-1\" \/>\n<link rel=\"canonical\" href=\"https:\/\/mueblebellezajb.com\/blog\/el-impacto-del-diseno-modular-y-la-silla-de-barberos-en-espacios-hibridos\/\" \/>\n<meta property=\"og:locale\" content=\"es_ES\" \/>\n<meta property=\"og:type\" content=\"article\" \/>\n<meta property=\"og:title\" content=\"El impacto del dise\u00f1o modular y la silla de barberos en espacios h\u00edbridos\" \/>\n<meta property=\"og:description\" content=\"Una silla de barberos modular impulsa la eficiencia, higiene y rentabilidad en barber\u00edas y espacios h\u00edbridos. Descubra c\u00f3mo implementarla\" \/>\n<meta property=\"og:url\" content=\"https:\/\/mueblebellezajb.com\/blog\/el-impacto-del-diseno-modular-y-la-silla-de-barberos-en-espacios-hibridos\/\" \/>\n<meta property=\"og:site_name\" content=\"Mueble Belleza JB\" \/>\n<meta property=\"article:published_time\" content=\"2026-02-10T16:23:16+00:00\" \/>\n<meta property=\"article:modified_time\" content=\"2026-01-27T16:33:08+00:00\" \/>\n<meta property=\"og:image\" content=\"https:\/\/mueblebellezajb.com\/blog\/wp-content\/uploads\/2022\/03\/image_5f31d97f8d2c62cca60045c3_1597102497389.webp-min.jpg\" \/>\n\t<meta property=\"og:image:width\" content=\"1280\" \/>\n\t<meta property=\"og:image:height\" content=\"1280\" \/>\n\t<meta property=\"og:image:type\" content=\"image\/jpeg\" \/>\n<meta name=\"author\" content=\"El equipo de marketing\" \/>\n<meta name=\"twitter:card\" content=\"summary_large_image\" \/>\n<meta name=\"twitter:label1\" content=\"Escrito por\" \/>\n\t<meta name=\"twitter:data1\" content=\"El equipo de marketing\" \/>\n\t<meta name=\"twitter:label2\" content=\"Tiempo estimado de lectura\" \/>\n\t<meta name=\"twitter:data2\" content=\"4 minutos\" \/>\n<script type=\"application\/ld+json\" class=\"yoast-schema-graph\">{\"@context\":\"https:\/\/schema.org\",\"@graph\":[{\"@type\":\"WebPage\",\"@id\":\"https:\/\/mueblebellezajb.com\/blog\/el-impacto-del-diseno-modular-y-la-silla-de-barberos-en-espacios-hibridos\/\",\"url\":\"https:\/\/mueblebellezajb.com\/blog\/el-impacto-del-diseno-modular-y-la-silla-de-barberos-en-espacios-hibridos\/\",\"name\":\"El impacto del dise\u00f1o modular y la silla de barberos en espacios h\u00edbridos\",\"isPartOf\":{\"@id\":\"https:\/\/mueblebellezajb.com\/blog\/#website\"},\"datePublished\":\"2026-02-10T16:23:16+00:00\",\"dateModified\":\"2026-01-27T16:33:08+00:00\",\"author\":{\"@id\":\"https:\/\/mueblebellezajb.com\/blog\/#\/schema\/person\/a9ac3679c78292852fc68a0535b3b827\"},\"description\":\"Una silla de barberos modular impulsa la eficiencia, higiene y rentabilidad en barber\u00edas y espacios h\u00edbridos. Descubra c\u00f3mo implementarla\",\"breadcrumb\":{\"@id\":\"https:\/\/mueblebellezajb.com\/blog\/el-impacto-del-diseno-modular-y-la-silla-de-barberos-en-espacios-hibridos\/#breadcrumb\"},\"inLanguage\":\"es-CO\",\"potentialAction\":[{\"@type\":\"ReadAction\",\"target\":[\"https:\/\/mueblebellezajb.com\/blog\/el-impacto-del-diseno-modular-y-la-silla-de-barberos-en-espacios-hibridos\/\"]}]},{\"@type\":\"BreadcrumbList\",\"@id\":\"https:\/\/mueblebellezajb.com\/blog\/el-impacto-del-diseno-modular-y-la-silla-de-barberos-en-espacios-hibridos\/#breadcrumb\",\"itemListElement\":[{\"@type\":\"ListItem\",\"position\":1,\"name\":\"Home\",\"item\":\"https:\/\/mueblebellezajb.com\/blog\/\"},{\"@type\":\"ListItem\",\"position\":2,\"name\":\"El impacto del dise\u00f1o modular y la silla de barberos en espacios h\u00edbridos\"}]},{\"@type\":\"WebSite\",\"@id\":\"https:\/\/mueblebellezajb.com\/blog\/#website\",\"url\":\"https:\/\/mueblebellezajb.com\/blog\/\",\"name\":\"Mueble Belleza JB\",\"description\":\"\",\"potentialAction\":[{\"@type\":\"SearchAction\",\"target\":{\"@type\":\"EntryPoint\",\"urlTemplate\":\"https:\/\/mueblebellezajb.com\/blog\/?s={search_term_string}\"},\"query-input\":\"required name=search_term_string\"}],\"inLanguage\":\"es-CO\"},{\"@type\":\"Person\",\"@id\":\"https:\/\/mueblebellezajb.com\/blog\/#\/schema\/person\/a9ac3679c78292852fc68a0535b3b827\",\"name\":\"El equipo de marketing\",\"image\":{\"@type\":\"ImageObject\",\"inLanguage\":\"es-CO\",\"@id\":\"https:\/\/mueblebellezajb.com\/blog\/#\/schema\/person\/image\/\",\"url\":\"https:\/\/secure.gravatar.com\/avatar\/d8e34e41fe8ff33d333a896dcf406917?s=96&d=mm&r=g\",\"contentUrl\":\"https:\/\/secure.gravatar.com\/avatar\/d8e34e41fe8ff33d333a896dcf406917?s=96&d=mm&r=g\",\"caption\":\"El equipo de marketing\"},\"sameAs\":[\"https:\/\/mueblebellezajb.com\/blog\"],\"url\":\"https:\/\/mueblebellezajb.com\/blog\/author\/programacion\/\"}]}<\/script>\n<!-- \/ Yoast SEO plugin. -->","yoast_head_json":{"title":"El impacto del dise\u00f1o modular y la silla de barberos en espacios h\u00edbridos","description":"Una silla de barberos modular impulsa la eficiencia, higiene y rentabilidad en barber\u00edas y espacios h\u00edbridos. Descubra c\u00f3mo implementarla","robots":{"index":"index","follow":"follow","max-snippet":"max-snippet:-1","max-image-preview":"max-image-preview:large","max-video-preview":"max-video-preview:-1"},"canonical":"https:\/\/mueblebellezajb.com\/blog\/el-impacto-del-diseno-modular-y-la-silla-de-barberos-en-espacios-hibridos\/","og_locale":"es_ES","og_type":"article","og_title":"El impacto del dise\u00f1o modular y la silla de barberos en espacios h\u00edbridos","og_description":"Una silla de barberos modular impulsa la eficiencia, higiene y rentabilidad en barber\u00edas y espacios h\u00edbridos. Descubra c\u00f3mo implementarla","og_url":"https:\/\/mueblebellezajb.com\/blog\/el-impacto-del-diseno-modular-y-la-silla-de-barberos-en-espacios-hibridos\/","og_site_name":"Mueble Belleza JB","article_published_time":"2026-02-10T16:23:16+00:00","article_modified_time":"2026-01-27T16:33:08+00:00","og_image":[{"width":1280,"height":1280,"url":"https:\/\/mueblebellezajb.com\/blog\/wp-content\/uploads\/2022\/03\/image_5f31d97f8d2c62cca60045c3_1597102497389.webp-min.jpg","type":"image\/jpeg"}],"author":"El equipo de marketing","twitter_card":"summary_large_image","twitter_misc":{"Escrito por":"El equipo de marketing","Tiempo estimado de lectura":"4 minutos"},"schema":{"@context":"https:\/\/schema.org","@graph":[{"@type":"WebPage","@id":"https:\/\/mueblebellezajb.com\/blog\/el-impacto-del-diseno-modular-y-la-silla-de-barberos-en-espacios-hibridos\/","url":"https:\/\/mueblebellezajb.com\/blog\/el-impacto-del-diseno-modular-y-la-silla-de-barberos-en-espacios-hibridos\/","name":"El impacto del dise\u00f1o modular y la silla de barberos en espacios h\u00edbridos","isPartOf":{"@id":"https:\/\/mueblebellezajb.com\/blog\/#website"},"datePublished":"2026-02-10T16:23:16+00:00","dateModified":"2026-01-27T16:33:08+00:00","author":{"@id":"https:\/\/mueblebellezajb.com\/blog\/#\/schema\/person\/a9ac3679c78292852fc68a0535b3b827"},"description":"Una silla de barberos modular impulsa la eficiencia, higiene y rentabilidad en barber\u00edas y espacios h\u00edbridos. Descubra c\u00f3mo implementarla","breadcrumb":{"@id":"https:\/\/mueblebellezajb.com\/blog\/el-impacto-del-diseno-modular-y-la-silla-de-barberos-en-espacios-hibridos\/#breadcrumb"},"inLanguage":"es-CO","potentialAction":[{"@type":"ReadAction","target":["https:\/\/mueblebellezajb.com\/blog\/el-impacto-del-diseno-modular-y-la-silla-de-barberos-en-espacios-hibridos\/"]}]},{"@type":"BreadcrumbList","@id":"https:\/\/mueblebellezajb.com\/blog\/el-impacto-del-diseno-modular-y-la-silla-de-barberos-en-espacios-hibridos\/#breadcrumb","itemListElement":[{"@type":"ListItem","position":1,"name":"Home","item":"https:\/\/mueblebellezajb.com\/blog\/"},{"@type":"ListItem","position":2,"name":"El impacto del dise\u00f1o modular y la silla de barberos en espacios h\u00edbridos"}]},{"@type":"WebSite","@id":"https:\/\/mueblebellezajb.com\/blog\/#website","url":"https:\/\/mueblebellezajb.com\/blog\/","name":"Mueble Belleza JB","description":"","potentialAction":[{"@type":"SearchAction","target":{"@type":"EntryPoint","urlTemplate":"https:\/\/mueblebellezajb.com\/blog\/?s={search_term_string}"},"query-input":"required name=search_term_string"}],"inLanguage":"es-CO"},{"@type":"Person","@id":"https:\/\/mueblebellezajb.com\/blog\/#\/schema\/person\/a9ac3679c78292852fc68a0535b3b827","name":"El equipo de marketing","image":{"@type":"ImageObject","inLanguage":"es-CO","@id":"https:\/\/mueblebellezajb.com\/blog\/#\/schema\/person\/image\/","url":"https:\/\/secure.gravatar.com\/avatar\/d8e34e41fe8ff33d333a896dcf406917?s=96&d=mm&r=g","contentUrl":"https:\/\/secure.gravatar.com\/avatar\/d8e34e41fe8ff33d333a896dcf406917?s=96&d=mm&r=g","caption":"El equipo de marketing"},"sameAs":["https:\/\/mueblebellezajb.com\/blog"],"url":"https:\/\/mueblebellezajb.com\/blog\/author\/programacion\/"}]}},"jetpack_sharing_enabled":true,"jetpack_featured_media_url":"https:\/\/mueblebellezajb.com\/blog\/wp-content\/uploads\/2022\/03\/image_5f31d97f8d2c62cca60045c3_1597102497389.webp-min.jpg","_links":{"self":[{"href":"https:\/\/mueblebellezajb.com\/blog\/wp-json\/wp\/v2\/posts\/710"}],"collection":[{"href":"https:\/\/mueblebellezajb.com\/blog\/wp-json\/wp\/v2\/posts"}],"about":[{"href":"https:\/\/mueblebellezajb.com\/blog\/wp-json\/wp\/v2\/types\/post"}],"author":[{"embeddable":true,"href":"https:\/\/mueblebellezajb.com\/blog\/wp-json\/wp\/v2\/users\/1"}],"replies":[{"embeddable":true,"href":"https:\/\/mueblebellezajb.com\/blog\/wp-json\/wp\/v2\/comments?post=710"}],"version-history":[{"count":2,"href":"https:\/\/mueblebellezajb.com\/blog\/wp-json\/wp\/v2\/posts\/710\/revisions"}],"predecessor-version":[{"id":714,"href":"https:\/\/mueblebellezajb.com\/blog\/wp-json\/wp\/v2\/posts\/710\/revisions\/714"}],"wp:featuredmedia":[{"embeddable":true,"href":"https:\/\/mueblebellezajb.com\/blog\/wp-json\/wp\/v2\/media\/244"}],"wp:attachment":[{"href":"https:\/\/mueblebellezajb.com\/blog\/wp-json\/wp\/v2\/media?parent=710"}],"wp:term":[{"taxonomy":"category","embeddable":true,"href":"https:\/\/mueblebellezajb.com\/blog\/wp-json\/wp\/v2\/categories?post=710"},{"taxonomy":"post_tag","embeddable":true,"href":"https:\/\/mueblebellezajb.com\/blog\/wp-json\/wp\/v2\/tags?post=710"}],"curies":[{"name":"wp","href":"https:\/\/api.w.org\/{rel}","templated":true}]}}