{"id":720,"date":"2026-03-05T14:05:13","date_gmt":"2026-03-05T14:05:13","guid":{"rendered":"https:\/\/mueblebellezajb.com\/blog\/?p=720"},"modified":"2026-02-26T14:11:15","modified_gmt":"2026-02-26T14:11:15","slug":"muebles-de-peluqueria-el-alma-de-cada-salon-de-belleza-en-colombia","status":"publish","type":"post","link":"https:\/\/mueblebellezajb.com\/blog\/muebles-de-peluqueria-el-alma-de-cada-salon-de-belleza-en-colombia\/","title":{"rendered":"Muebles de peluquer\u00eda: el alma de cada sal\u00f3n de belleza en Colombia"},"content":{"rendered":"<p>Abrir o renovar un sal\u00f3n de belleza va mucho m\u00e1s all\u00e1 de elegir colores bonitos o un logo atractivo. El coraz\u00f3n de cualquier peluquer\u00eda est\u00e1 en su equipamiento. Los <a href=\"https:\/\/mueblebellezajb.com\/muebles_peluqueria\">muebles <\/a>de peluquer\u00eda definen la est\u00e9tica del espacio e influyen directamente en la comodidad del cliente, la eficiencia del personal y la percepci\u00f3n profesional del negocio.<\/p>\n<p><!--more--><\/p>\n<p>Hay algo que ocurre todos los d\u00edas en Colombia y es que alguien entra a una peluquer\u00eda buscando m\u00e1s que un corte; busca verse mejor, sentirse escuchado y salir de alguna manera sinti\u00e9ndose distinto.<\/p>\n<h2>Un sal\u00f3n empieza con el espacio<\/h2>\n<p>Antes del primer cliente, antes del primer tinte, incluso antes del letrero exterior, est\u00e1 el lugar. Ese espacio vac\u00edo que poco a poco se llena de intenci\u00f3n.<\/p>\n<p>Ah\u00ed entran los <a href=\"https:\/\/mueblebellezajb.com\/muebles_para_peluqueria\">muebles para peluquer\u00eda<\/a>, no como objetos aislados, sino como piezas que definen el ritmo del d\u00eda, la comodidad del equipo y la sensaci\u00f3n que se lleva quien se sienta por primera vez en ese lugar.<\/p>\n<h2>Colombia tiene estilo propio, \u00bfy tu peluquer\u00eda?<\/h2>\n<p>Nuestro pa\u00eds es color, movimiento y diversidad. No existe un solo tipo de sal\u00f3n; hay peluquer\u00edas urbanas con est\u00e9tica industrial. Espacios c\u00e1lidos en barrios tradicionales.<br \/>\nSalones boutique en zonas comerciales. Locales peque\u00f1os llenos de personalidad.<\/p>\n<p>Por eso los muebles de peluquer\u00eda deben adaptarse a cada identidad.<\/p>\n<p>Hoy muchos negocios colombianos est\u00e1n apostando por:<\/p>\n<ul>\n<li>Dise\u00f1os limpios que no pasan de moda<\/li>\n<li>Tonos neutros combinados con acentos fuertes<\/li>\n<li>Muebles modulares que aprovechan mejor el espacio<\/li>\n<li>Iluminaci\u00f3n integrada en estaciones<\/li>\n<li>Texturas suaves que transmiten calma<\/li>\n<\/ul>\n<p>Las <a href=\"https:\/\/mueblebellezajb.com\/sillas_de_peluqueria\">sillas de peluquer\u00eda<\/a> son el coraz\u00f3n operativo del negocio. En Colombia, donde el flujo de clientes puede ser intenso, es clave que estas sillas cuentan con:<\/p>\n<ul>\n<li>Sistema hidr\u00e1ulico resistente<\/li>\n<li>Giro suave<\/li>\n<li>Base firme<\/li>\n<li>Acolchado c\u00f3modo<\/li>\n<li>Tapizado f\u00e1cil de limpiar<\/li>\n<\/ul>\n<h3>Muebles que acompa\u00f1an el ritmo real del sal\u00f3n<\/h3>\n<p>Una peluquer\u00eda no es un <em>showroom<\/em>; se trata de un espacio vivo, al calor de las secadoras, el agua, los productos qu\u00edmicos y el movimiento constante; los muebles deben estar pensados para la realidad.<\/p>\n<h2>\u00bfCu\u00e1les son los mejores materiales para nuestro clima?<\/h2>\n<p>La humedad, el calor y el uso intensivo exigen materiales resistentes como:<\/p>\n<ul>\n<li>Acero cromado o inoxidable<\/li>\n<li>Tapizados en PVC o cuero sint\u00e9tico<\/li>\n<li>Superficies selladas<\/li>\n<li>Tarjas de cer\u00e1mica<\/li>\n<\/ul>\n<p>Estos detalles hacen que el mobiliario dure mucho m\u00e1s tiempo.<\/p>\n<h2>Comprar muebles no significa solo comprar objetos<\/h2>\n<p>Elegir el mejor proveedor importa tanto c\u00f3mo elegir dise\u00f1o. En <a href=\"https:\/\/mueblebellezajb.com\/contacto\">Mueble Belleza JB<\/a> somos el mejor aliado en muebles para su peluquer\u00eda; ofrecemos:<\/p>\n<ul>\n<li>Asesor\u00eda real<\/li>\n<li>Garant\u00eda<\/li>\n<li>Refacciones<\/li>\n<li>Env\u00edos seguros en Colombia<\/li>\n<li>Atenci\u00f3n postventa<\/li>\n<\/ul>\n<h2>El cliente no recuerda cada detalle, pero s\u00ed c\u00f3mo se sinti\u00f3<\/h2>\n<p>Tal vez no recuerde el modelo exacto del sill\u00f3n o el tipo de tarja, pero s\u00ed recordar\u00e1 si estuvo c\u00f3modo. Si el espacio se sent\u00eda profesional y si le gustar\u00eda volver.<\/p>\n<p>Las sillas, los tocadores, los <a href=\"https:\/\/mueblebellezajb.com\/lavacabezas\">lavacabezas<\/a> y cada mueble construyen esa memoria emocional.<\/p>\n<h2>Un buen sal\u00f3n comienza con buenos muebles<\/h2>\n<p>Los muebles de peluquer\u00eda son parte viva del servicio. Son testigos de conversaciones, cambios de look, risas, silencios y nuevos comienzos.<\/p>\n<p>Si est\u00e1 creando o renovando su peluquer\u00eda en Colombia, piense en el mobiliario como una extensi\u00f3n de su prop\u00f3sito.<\/p>\n<p>Elegir los mejores muebles para tu peluquer\u00eda se trata de una decisi\u00f3n estrat\u00e9gica que influye en la experiencia del cliente, la salud del personal y la rentabilidad del negocio.<\/p>\n<p>Desde las sillas de peluquer\u00eda hasta los tocadores y tarjas, cada pieza cumple un papel clave en el funcionamiento diario del sal\u00f3n. Apostar por muebles para peluquer\u00eda de calidad significa crear un espacio profesional, c\u00f3modo y atractivo que invite a los clientes a regresar.<\/p>\n<p>Si est\u00e1s por abrir tu peluquer\u00eda o renovar tu espacio actual, t\u00f3mate el tiempo de analizar tus necesidades, comparar opciones y elegir mobiliario que acompa\u00f1e el crecimiento de tu proyecto. Agenda tu asesor\u00eda hoy y transforma tu barber\u00eda con muebles que eleven la experiencia de tus clientes; vis\u00edtanos en<strong> Cra. 25 #9-24 Sur &#8211; Barrio La Fraguita. Bogot\u00e1, Colombia<\/strong>, o cont\u00e1ctanos al tel\u00e9fono: <a href=\"tel:3208334093\">320 833 4093<\/a> o al WhatsApp +57 311 543 0888.<\/p>\n<h2>Preguntas frecuentes<\/h2>\n<h3>\u00bfQu\u00e9 incluyen normalmente los muebles de peluquer\u00eda?<\/h3>\n<p>Suelen incluir sillas de peluquer\u00eda, estaciones de trabajo con espejo, lavacabezas, carritos auxiliares y muebles de almacenamiento.<\/p>\n<h3>\u00bfC\u00f3mo elegir las mejores sillas de peluquer\u00eda?<\/h3>\n<p>Las mejores sillas deben ser hidr\u00e1ulicas, giratorias, con base estable y tapizado resistente. Tambi\u00e9n es importante que tengan buen acolchado y respaldo firme para garantizar comodidad tanto al cliente como al estilista durante jornadas largas.<\/p>\n<h3>\u00bfQu\u00e9 materiales son m\u00e1s recomendables para las peluquer\u00edas en Colombia?<\/h3>\n<p>Por el clima y la humedad, se recomiendan estructuras de acero inoxidable o cromado, tapizados en PVC o cuero sint\u00e9tico y tarjas de cer\u00e1mica. Estos materiales soportan mejor el calor, el agua y los productos qu\u00edmicos.<\/p>\n<p>&nbsp;<\/p>\n<p>&nbsp;<\/p>\n<h4>Revisado por:<\/h4>\n<p>Federico Posada Jaramillo<\/p>\n<p>Gerente Comercial \u2013 Willtex<\/p>\n<p>Especialista en Acabados Arquitect\u00f3nicos<\/p>\n<p>Cuenta con m\u00e1s de 30 a\u00f1os de experiencia impulsando soluciones innovadoras en pisos, alfombras, mobiliario y divisiones arquitect\u00f3nicas. Desde su liderazgo comercial en Willtex, conecta con arquitectos, dise\u00f1adores y constructoras para transformar espacios en experiencias funcionales, est\u00e9ticas y duraderas.<\/p>\n<p>Correo electr\u00f3nico: <a href=\"mailto:federico.posada@willtex.co\">Federico Posada<\/a> | LinkedIn: <a href=\"https:\/\/www.linkedin.com\/in\/federicoposadaj\/\" target=\"_blank\" rel=\"noopener\">Federico Posada<\/a><\/p>\n","protected":false},"excerpt":{"rendered":"<p>Abrir o renovar un sal\u00f3n de belleza va mucho m\u00e1s all\u00e1 de elegir colores bonitos o un logo atractivo. El coraz\u00f3n de cualquier peluquer\u00eda est\u00e1 en su equipamiento. Los muebles de peluquer\u00eda definen la est\u00e9tica del espacio e influyen directamente en la comodidad del cliente, la eficiencia del personal y la percepci\u00f3n profesional del negocio.<\/p>\n","protected":false},"author":1,"featured_media":87,"comment_status":"closed","ping_status":"closed","sticky":false,"template":"","format":"standard","meta":{"_jetpack_memberships_contains_paid_content":false,"footnotes":"","jetpack_publicize_message":"","jetpack_publicize_feature_enabled":true,"jetpack_social_post_already_shared":true,"jetpack_social_options":{"image_generator_settings":{"template":"highway","enabled":false},"version":2}},"categories":[3],"tags":[],"jetpack_publicize_connections":[],"yoast_head":"<!-- This site is optimized with the Yoast SEO plugin v20.4 - https:\/\/yoast.com\/wordpress\/plugins\/seo\/ -->\n<title>Muebles de peluquer\u00eda: el alma de cada sal\u00f3n de belleza en Colombia<\/title>\n<meta name=\"description\" content=\"Descubre c\u00f3mo elegir los mejores muebles para peluquer\u00eda en Colombia, sillas de peluquer\u00eda, estaciones y mobiliario profesional en general para crear un sal\u00f3n c\u00f3modo, funcional y con estilo propio\" \/>\n<meta name=\"robots\" content=\"index, follow, max-snippet:-1, max-image-preview:large, max-video-preview:-1\" \/>\n<link rel=\"canonical\" href=\"https:\/\/mueblebellezajb.com\/blog\/muebles-de-peluqueria-el-alma-de-cada-salon-de-belleza-en-colombia\/\" \/>\n<meta property=\"og:locale\" content=\"es_ES\" \/>\n<meta property=\"og:type\" content=\"article\" \/>\n<meta property=\"og:title\" content=\"Muebles de peluquer\u00eda: el alma de cada sal\u00f3n de belleza en Colombia\" \/>\n<meta property=\"og:description\" content=\"Descubre c\u00f3mo elegir los mejores muebles para peluquer\u00eda en Colombia, sillas de peluquer\u00eda, estaciones y mobiliario profesional en general para crear un sal\u00f3n c\u00f3modo, funcional y con estilo propio\" \/>\n<meta property=\"og:url\" content=\"https:\/\/mueblebellezajb.com\/blog\/muebles-de-peluqueria-el-alma-de-cada-salon-de-belleza-en-colombia\/\" \/>\n<meta property=\"og:site_name\" content=\"Mueble Belleza JB\" \/>\n<meta property=\"article:published_time\" content=\"2026-03-05T14:05:13+00:00\" \/>\n<meta property=\"article:modified_time\" content=\"2026-02-26T14:11:15+00:00\" \/>\n<meta property=\"og:image\" content=\"https:\/\/mueblebellezajb.com\/blog\/wp-content\/uploads\/2021\/03\/mueble-belleza-jb-min.jpg\" \/>\n\t<meta property=\"og:image:width\" content=\"768\" \/>\n\t<meta property=\"og:image:height\" content=\"380\" \/>\n\t<meta property=\"og:image:type\" content=\"image\/jpeg\" \/>\n<meta name=\"author\" content=\"El equipo de marketing\" \/>\n<meta name=\"twitter:card\" content=\"summary_large_image\" \/>\n<meta name=\"twitter:label1\" content=\"Escrito por\" \/>\n\t<meta name=\"twitter:data1\" content=\"El equipo de marketing\" \/>\n\t<meta name=\"twitter:label2\" content=\"Tiempo estimado de lectura\" \/>\n\t<meta name=\"twitter:data2\" content=\"4 minutos\" \/>\n<script type=\"application\/ld+json\" class=\"yoast-schema-graph\">{\"@context\":\"https:\/\/schema.org\",\"@graph\":[{\"@type\":\"WebPage\",\"@id\":\"https:\/\/mueblebellezajb.com\/blog\/muebles-de-peluqueria-el-alma-de-cada-salon-de-belleza-en-colombia\/\",\"url\":\"https:\/\/mueblebellezajb.com\/blog\/muebles-de-peluqueria-el-alma-de-cada-salon-de-belleza-en-colombia\/\",\"name\":\"Muebles de peluquer\u00eda: el alma de cada sal\u00f3n de belleza en Colombia\",\"isPartOf\":{\"@id\":\"https:\/\/mueblebellezajb.com\/blog\/#website\"},\"datePublished\":\"2026-03-05T14:05:13+00:00\",\"dateModified\":\"2026-02-26T14:11:15+00:00\",\"author\":{\"@id\":\"https:\/\/mueblebellezajb.com\/blog\/#\/schema\/person\/a9ac3679c78292852fc68a0535b3b827\"},\"description\":\"Descubre c\u00f3mo elegir los mejores muebles para peluquer\u00eda en Colombia, sillas de peluquer\u00eda, estaciones y mobiliario profesional en general para crear un sal\u00f3n c\u00f3modo, funcional y con estilo propio\",\"breadcrumb\":{\"@id\":\"https:\/\/mueblebellezajb.com\/blog\/muebles-de-peluqueria-el-alma-de-cada-salon-de-belleza-en-colombia\/#breadcrumb\"},\"inLanguage\":\"es-CO\",\"potentialAction\":[{\"@type\":\"ReadAction\",\"target\":[\"https:\/\/mueblebellezajb.com\/blog\/muebles-de-peluqueria-el-alma-de-cada-salon-de-belleza-en-colombia\/\"]}]},{\"@type\":\"BreadcrumbList\",\"@id\":\"https:\/\/mueblebellezajb.com\/blog\/muebles-de-peluqueria-el-alma-de-cada-salon-de-belleza-en-colombia\/#breadcrumb\",\"itemListElement\":[{\"@type\":\"ListItem\",\"position\":1,\"name\":\"Home\",\"item\":\"https:\/\/mueblebellezajb.com\/blog\/\"},{\"@type\":\"ListItem\",\"position\":2,\"name\":\"Muebles de peluquer\u00eda: el alma de cada sal\u00f3n de belleza en Colombia\"}]},{\"@type\":\"WebSite\",\"@id\":\"https:\/\/mueblebellezajb.com\/blog\/#website\",\"url\":\"https:\/\/mueblebellezajb.com\/blog\/\",\"name\":\"Mueble Belleza JB\",\"description\":\"\",\"potentialAction\":[{\"@type\":\"SearchAction\",\"target\":{\"@type\":\"EntryPoint\",\"urlTemplate\":\"https:\/\/mueblebellezajb.com\/blog\/?s={search_term_string}\"},\"query-input\":\"required name=search_term_string\"}],\"inLanguage\":\"es-CO\"},{\"@type\":\"Person\",\"@id\":\"https:\/\/mueblebellezajb.com\/blog\/#\/schema\/person\/a9ac3679c78292852fc68a0535b3b827\",\"name\":\"El equipo de marketing\",\"image\":{\"@type\":\"ImageObject\",\"inLanguage\":\"es-CO\",\"@id\":\"https:\/\/mueblebellezajb.com\/blog\/#\/schema\/person\/image\/\",\"url\":\"https:\/\/secure.gravatar.com\/avatar\/d8e34e41fe8ff33d333a896dcf406917?s=96&d=mm&r=g\",\"contentUrl\":\"https:\/\/secure.gravatar.com\/avatar\/d8e34e41fe8ff33d333a896dcf406917?s=96&d=mm&r=g\",\"caption\":\"El equipo de marketing\"},\"sameAs\":[\"https:\/\/mueblebellezajb.com\/blog\"],\"url\":\"https:\/\/mueblebellezajb.com\/blog\/author\/programacion\/\"}]}<\/script>\n<!-- \/ Yoast SEO plugin. -->","yoast_head_json":{"title":"Muebles de peluquer\u00eda: el alma de cada sal\u00f3n de belleza en Colombia","description":"Descubre c\u00f3mo elegir los mejores muebles para peluquer\u00eda en Colombia, sillas de peluquer\u00eda, estaciones y mobiliario profesional en general para crear un sal\u00f3n c\u00f3modo, funcional y con estilo propio","robots":{"index":"index","follow":"follow","max-snippet":"max-snippet:-1","max-image-preview":"max-image-preview:large","max-video-preview":"max-video-preview:-1"},"canonical":"https:\/\/mueblebellezajb.com\/blog\/muebles-de-peluqueria-el-alma-de-cada-salon-de-belleza-en-colombia\/","og_locale":"es_ES","og_type":"article","og_title":"Muebles de peluquer\u00eda: el alma de cada sal\u00f3n de belleza en Colombia","og_description":"Descubre c\u00f3mo elegir los mejores muebles para peluquer\u00eda en Colombia, sillas de peluquer\u00eda, estaciones y mobiliario profesional en general para crear un sal\u00f3n c\u00f3modo, funcional y con estilo propio","og_url":"https:\/\/mueblebellezajb.com\/blog\/muebles-de-peluqueria-el-alma-de-cada-salon-de-belleza-en-colombia\/","og_site_name":"Mueble Belleza JB","article_published_time":"2026-03-05T14:05:13+00:00","article_modified_time":"2026-02-26T14:11:15+00:00","og_image":[{"width":768,"height":380,"url":"https:\/\/mueblebellezajb.com\/blog\/wp-content\/uploads\/2021\/03\/mueble-belleza-jb-min.jpg","type":"image\/jpeg"}],"author":"El equipo de marketing","twitter_card":"summary_large_image","twitter_misc":{"Escrito por":"El equipo de marketing","Tiempo estimado de lectura":"4 minutos"},"schema":{"@context":"https:\/\/schema.org","@graph":[{"@type":"WebPage","@id":"https:\/\/mueblebellezajb.com\/blog\/muebles-de-peluqueria-el-alma-de-cada-salon-de-belleza-en-colombia\/","url":"https:\/\/mueblebellezajb.com\/blog\/muebles-de-peluqueria-el-alma-de-cada-salon-de-belleza-en-colombia\/","name":"Muebles de peluquer\u00eda: el alma de cada sal\u00f3n de belleza en Colombia","isPartOf":{"@id":"https:\/\/mueblebellezajb.com\/blog\/#website"},"datePublished":"2026-03-05T14:05:13+00:00","dateModified":"2026-02-26T14:11:15+00:00","author":{"@id":"https:\/\/mueblebellezajb.com\/blog\/#\/schema\/person\/a9ac3679c78292852fc68a0535b3b827"},"description":"Descubre c\u00f3mo elegir los mejores muebles para peluquer\u00eda en Colombia, sillas de peluquer\u00eda, estaciones y mobiliario profesional en general para crear un sal\u00f3n c\u00f3modo, funcional y con estilo propio","breadcrumb":{"@id":"https:\/\/mueblebellezajb.com\/blog\/muebles-de-peluqueria-el-alma-de-cada-salon-de-belleza-en-colombia\/#breadcrumb"},"inLanguage":"es-CO","potentialAction":[{"@type":"ReadAction","target":["https:\/\/mueblebellezajb.com\/blog\/muebles-de-peluqueria-el-alma-de-cada-salon-de-belleza-en-colombia\/"]}]},{"@type":"BreadcrumbList","@id":"https:\/\/mueblebellezajb.com\/blog\/muebles-de-peluqueria-el-alma-de-cada-salon-de-belleza-en-colombia\/#breadcrumb","itemListElement":[{"@type":"ListItem","position":1,"name":"Home","item":"https:\/\/mueblebellezajb.com\/blog\/"},{"@type":"ListItem","position":2,"name":"Muebles de peluquer\u00eda: el alma de cada sal\u00f3n de belleza en Colombia"}]},{"@type":"WebSite","@id":"https:\/\/mueblebellezajb.com\/blog\/#website","url":"https:\/\/mueblebellezajb.com\/blog\/","name":"Mueble Belleza JB","description":"","potentialAction":[{"@type":"SearchAction","target":{"@type":"EntryPoint","urlTemplate":"https:\/\/mueblebellezajb.com\/blog\/?s={search_term_string}"},"query-input":"required name=search_term_string"}],"inLanguage":"es-CO"},{"@type":"Person","@id":"https:\/\/mueblebellezajb.com\/blog\/#\/schema\/person\/a9ac3679c78292852fc68a0535b3b827","name":"El equipo de marketing","image":{"@type":"ImageObject","inLanguage":"es-CO","@id":"https:\/\/mueblebellezajb.com\/blog\/#\/schema\/person\/image\/","url":"https:\/\/secure.gravatar.com\/avatar\/d8e34e41fe8ff33d333a896dcf406917?s=96&d=mm&r=g","contentUrl":"https:\/\/secure.gravatar.com\/avatar\/d8e34e41fe8ff33d333a896dcf406917?s=96&d=mm&r=g","caption":"El equipo de marketing"},"sameAs":["https:\/\/mueblebellezajb.com\/blog"],"url":"https:\/\/mueblebellezajb.com\/blog\/author\/programacion\/"}]}},"jetpack_sharing_enabled":true,"jetpack_featured_media_url":"https:\/\/mueblebellezajb.com\/blog\/wp-content\/uploads\/2021\/03\/mueble-belleza-jb-min.jpg","_links":{"self":[{"href":"https:\/\/mueblebellezajb.com\/blog\/wp-json\/wp\/v2\/posts\/720"}],"collection":[{"href":"https:\/\/mueblebellezajb.com\/blog\/wp-json\/wp\/v2\/posts"}],"about":[{"href":"https:\/\/mueblebellezajb.com\/blog\/wp-json\/wp\/v2\/types\/post"}],"author":[{"embeddable":true,"href":"https:\/\/mueblebellezajb.com\/blog\/wp-json\/wp\/v2\/users\/1"}],"replies":[{"embeddable":true,"href":"https:\/\/mueblebellezajb.com\/blog\/wp-json\/wp\/v2\/comments?post=720"}],"version-history":[{"count":1,"href":"https:\/\/mueblebellezajb.com\/blog\/wp-json\/wp\/v2\/posts\/720\/revisions"}],"predecessor-version":[{"id":724,"href":"https:\/\/mueblebellezajb.com\/blog\/wp-json\/wp\/v2\/posts\/720\/revisions\/724"}],"wp:featuredmedia":[{"embeddable":true,"href":"https:\/\/mueblebellezajb.com\/blog\/wp-json\/wp\/v2\/media\/87"}],"wp:attachment":[{"href":"https:\/\/mueblebellezajb.com\/blog\/wp-json\/wp\/v2\/media?parent=720"}],"wp:term":[{"taxonomy":"category","embeddable":true,"href":"https:\/\/mueblebellezajb.com\/blog\/wp-json\/wp\/v2\/categories?post=720"},{"taxonomy":"post_tag","embeddable":true,"href":"https:\/\/mueblebellezajb.com\/blog\/wp-json\/wp\/v2\/tags?post=720"}],"curies":[{"name":"wp","href":"https:\/\/api.w.org\/{rel}","templated":true}]}}